{"id":398460,"date":"2026-08-31T08:00:14","date_gmt":"2026-08-31T06:00:14","guid":{"rendered":"https:\/\/ferrerwines.com\/?p=398460"},"modified":"2026-08-27T08:51:03","modified_gmt":"2026-08-27T06:51:03","slug":"panot-gaudi-el-cava-ecologic-que-neix-a-les-vinyes-de-moja-a-lalt-penedes","status":"publish","type":"post","link":"https:\/\/ferrerwines.com\/ca\/panot-gaudi-el-cava-ecologic-que-neix-a-les-vinyes-de-moja-a-lalt-penedes\/","title":{"rendered":"Panot Gaud\u00ed: el cava ecol\u00f2gic que neix a les vinyes de Moja, a l\u2019Alt Pened\u00e8s"},"content":{"rendered":"<p>Abans de ser una copa, <strong><a title=\"Panot Gaud\u00ed\" href=\"https:\/\/ferrerwines.com\/ca\/producte\/panot-gaudi-brut-reserva\/\">Panot Gaud\u00ed<\/a><\/strong> \u00e9s una vinya. Concretament, diverses parcel\u00b7les a Moja, dins del terme d\u2019Ol\u00e8rdola, a l\u2019Alt Pened\u00e8s, on la terra i el clima fa d\u00e8cades que modelen el car\u00e0cter d\u2019aquests ra\u00efms molt abans que ning\u00fa pens\u00e9s a posar-los una etiqueta inspirada en el modernisme de Barcelona.<\/p>\n<p>Parlar de Panot Gaud\u00ed sense parlar d\u2019on neix \u00e9s explicar nom\u00e9s la meitat de la hist\u00f2ria. Aix\u00f2 \u00e9s el que fa que el terrer de Moja marqui cada bombolla de la col\u00b7lecci\u00f3.<\/p>\n<h2>Moja i Ol\u00e8rdola: el cor vitivin\u00edcola de l\u2019Alt Pened\u00e8s<\/h2>\n<p>L\u2019Alt Pened\u00e8s \u00e9s, des de fa generacions, una de les zones de refer\u00e8ncia per a l\u2019elaboraci\u00f3 de cava a Catalunya, i Moja \u00e9s un dels seus indrets amb m\u00e9s car\u00e0cter. Aqu\u00ed es troben les vinyes ecol\u00f2giques d\u2019entre 20 i 40 anys de les quals neix Panot Gaud\u00ed, cultivades durant el temps suficient perqu\u00e8 els ceps desenvolupin arrels profundes i un equilibri propi que nom\u00e9s aporta l\u2019edat.<\/p>\n<p>No \u00e9s una zona escollida a l\u2019atzar: \u00e9s la mateixa terra que ha sostingut l\u2019activitat de Cavas Hill des de la seva fundaci\u00f3 el 1887, un dels cellers m\u00e9s antics de la D.O. Cava.<\/p>\n<h2>S\u00f2ls calcaris i brisa del Garraf: la combinaci\u00f3 que alenteix la maduraci\u00f3<\/h2>\n<p>Dos factors clim\u00e0tics defineixen el perfil d\u2019aquests ra\u00efms. El primer \u00e9s el s\u00f2l calcari, t\u00edpic del Pened\u00e8s, que aporta mineralitat i ajuda a regular la disponibilitat d\u2019aigua per a la vinya. El segon \u00e9s la brisa marina que arriba des del Garraf, un efecte refrescant que suavitza les temperatures fins i tot durant els mesos m\u00e9s c\u00e0lids.<\/p>\n<p>Junts, aquests dos elements alenteixen la maduraci\u00f3 del ra\u00efm, cosa que permet que el sucre i l\u2019acidesa evolucionin de manera m\u00e9s equilibrada. \u00c9s precisament aquesta maduraci\u00f3 pausada la que despr\u00e9s es tradueix en la frescor i l\u2019eleg\u00e0ncia caracter\u00edstiques dels caves de la col\u00b7lecci\u00f3.<\/p>\n<h2>Viticultura ecol\u00f2gica: menys intervenci\u00f3, m\u00e9s expressi\u00f3 del territori<\/h2>\n<p>Totes les refer\u00e8ncies de Panot Gaud\u00ed provenen de vinyes amb certificaci\u00f3 ecol\u00f2gica. Aix\u00f2 significa renunciar als herbicides i als fitosanitaris de s\u00edntesi, i apostar per una gesti\u00f3 de la vinya que respecta els cicles naturals del s\u00f2l i de la planta.<\/p>\n<p>La viticultura ecol\u00f2gica no \u00e9s nom\u00e9s una decisi\u00f3 mediambiental: tamb\u00e9 \u00e9s una manera de deixar que el terrer s\u2019expressi amb menys interfer\u00e8ncies, una q\u00fcesti\u00f3 especialment rellevant en un projecte que vol que cada copa parli del lloc d\u2019on prov\u00e9.<\/p>\n<h2>Verema manual: per qu\u00e8 importa el moment exacte de la collita<\/h2>\n<p>Les varietats Xarel\u00b7lo, Macabeu i Parellada \u2014a m\u00e9s del Chardonnay i el Pinot Noir en algunes refer\u00e8ncies de la col\u00b7lecci\u00f3\u2014 es veremen a m\u00e0, en el punt \u00f2ptim de maduraci\u00f3 de cada parcel\u00b7la. La verema manual permet seleccionar el ra\u00efm en el moment prec\u00eds i traslladar-lo al celler sense els danys que pot causar una collita mecanitzada.<\/p>\n<p>\u00c9s un proc\u00e9s m\u00e9s lent i m\u00e9s car que la verema mec\u00e0nica, per\u00f2 tamb\u00e9 \u00e9s el que millor conserva la qualitat del ra\u00efm des de la vinya fins al celler.<\/p>\n<h2>De la vinya a la crian\u00e7a: com el terrer arriba fins a la copa<\/h2>\n<p>Despr\u00e9s de la fermentaci\u00f3 del vi base en dip\u00f2sits d\u2019acer inoxidable, cada cava de la col\u00b7lecci\u00f3 Panot Gaud\u00ed segueix el m\u00e8tode tradicional, amb una segona fermentaci\u00f3 en ampolla als cellers subterranis de Cavas Hill. El temps de crian\u00e7a varia segons la refer\u00e8ncia \u2014des dels 9 mesos del Coral fins als 30 mesos del Gran Reserva\u2014, i \u00e9s precisament aquesta combinaci\u00f3 entre el punt de partida a Moja i el temps de rep\u00f2s al celler la que dona a cada cava la seva personalitat pr\u00f2pia dins de la mateixa col\u00b7lecci\u00f3.<\/p>\n<p>Com m\u00e9s temps passa el cava en contacte amb les seves mares, m\u00e9s s\u2019enriqueix amb notes de fruita madura, pa torrat o fruits secs, sempre sobre la base fresca i mineral que aporta la vinya d\u2019origen.<\/p>\n<p>Cada copa de Panot Gaud\u00ed comen\u00e7a molt abans de treure el tap, a les vinyes ecol\u00f2giques de Moja. Descobreix les diferents refer\u00e8ncies de la col\u00b7lecci\u00f3 i troba la que millor s\u2019adapta al teu moment.<\/p>\n","protected":false},"excerpt":{"rendered":"<p>Abans de ser una copa, Panot Gaud\u00ed \u00e9s una vinya. Concretament, diverses parcel\u00b7les a Moja, dins del terme d\u2019Ol\u00e8rdola, a l\u2019Alt Pened\u00e8s, on la terra i el clima fa d\u00e8cades que modelen el car\u00e0cter d\u2019aquests ra\u00efms molt abans que ning\u00fa pens\u00e9s a posar-los una etiqueta inspirada en el modernisme de Barcelona. Parlar de Panot Gaud\u00ed [&hellip;]<\/p>\n","protected":false},"author":219,"featured_media":398457,"comment_status":"open","ping_status":"open","sticky":false,"template":"","format":"standard","meta":{"_acf_changed":false,"footnotes":""},"categories":[563],"tags":[],"class_list":["post-398460","post","type-post","status-publish","format-standard","has-post-thumbnail","hentry","category-sin-categorizar"],"acf":[],"yoast_head":"<!-- This site is optimized with the Yoast SEO plugin v28.3 - https:\/\/yoast.com\/product\/yoast-seo-wordpress\/ -->\n<title>Panot Gaud\u00ed: el cava ecol\u00f2gic que neix a les vinyes de Moja, a l\u2019Alt Pened\u00e8s | Ferrer Wines<\/title>\n<meta name=\"description\" content=\"Abans de ser una copa, Panot Gaud\u00ed \u00e9s una vinya. Concretament, diverses parcel\u00b7les a Moja, dins del terme d\u2019Ol\u00e8rdola, a l\u2019Alt Pened\u00e8s\" \/>\n<meta name=\"robots\" content=\"index, follow, max-snippet:-1, max-image-preview:large, max-video-preview:-1\" \/>\n<link rel=\"canonical\" href=\"https:\/\/ferrerwines.com\/ca\/panot-gaudi-el-cava-ecologic-que-neix-a-les-vinyes-de-moja-a-lalt-penedes\/\" \/>\n<meta property=\"og:locale\" content=\"ca_ES\" \/>\n<meta property=\"og:type\" content=\"article\" \/>\n<meta property=\"og:title\" content=\"Panot Gaud\u00ed: el cava ecol\u00f2gic que neix a les vinyes de Moja, a l\u2019Alt Pened\u00e8s | Ferrer Wines\" \/>\n<meta property=\"og:description\" content=\"Abans de ser una copa, Panot Gaud\u00ed \u00e9s una vinya. Concretament, diverses parcel\u00b7les a Moja, dins del terme d\u2019Ol\u00e8rdola, a l\u2019Alt Pened\u00e8s\" \/>\n<meta property=\"og:url\" content=\"https:\/\/ferrerwines.com\/ca\/panot-gaudi-el-cava-ecologic-que-neix-a-les-vinyes-de-moja-a-lalt-penedes\/\" \/>\n<meta property=\"og:site_name\" content=\"Ferrer Wines\" \/>\n<meta property=\"article:published_time\" content=\"2026-08-31T06:00:14+00:00\" \/>\n<meta property=\"og:image\" content=\"https:\/\/ferrerwines.com\/wp-content\/uploads\/2026\/08\/panot-gaudi.webp\" \/>\n\t<meta property=\"og:image:width\" content=\"980\" \/>\n\t<meta property=\"og:image:height\" content=\"653\" \/>\n\t<meta property=\"og:image:type\" content=\"image\/webp\" \/>\n<meta name=\"author\" content=\"Gestinet\" \/>\n<meta name=\"twitter:card\" content=\"summary_large_image\" \/>\n<meta name=\"twitter:label1\" content=\"Escrit per\" \/>\n\t<meta name=\"twitter:data1\" content=\"Gestinet\" \/>\n\t<meta name=\"twitter:label2\" content=\"Temps estimat de lectura\" \/>\n\t<meta name=\"twitter:data2\" content=\"4 minuts\" \/>\n<script type=\"application\/ld+json\" class=\"yoast-schema-graph\">{\"@context\":\"https:\\\/\\\/schema.org\",\"@graph\":[{\"@type\":\"Article\",\"@id\":\"https:\\\/\\\/ferrerwines.com\\\/ca\\\/panot-gaudi-el-cava-ecologic-que-neix-a-les-vinyes-de-moja-a-lalt-penedes\\\/#article\",\"isPartOf\":{\"@id\":\"https:\\\/\\\/ferrerwines.com\\\/ca\\\/panot-gaudi-el-cava-ecologic-que-neix-a-les-vinyes-de-moja-a-lalt-penedes\\\/\"},\"author\":{\"name\":\"Gestinet\",\"@id\":\"https:\\\/\\\/ferrerwines.com\\\/ca\\\/#\\\/schema\\\/person\\\/091b06697af4ff3919d5a7a6b157d5d9\"},\"headline\":\"Panot Gaud\u00ed: el cava ecol\u00f2gic que neix a les vinyes de Moja, a l\u2019Alt Pened\u00e8s\",\"datePublished\":\"2026-08-31T06:00:14+00:00\",\"mainEntityOfPage\":{\"@id\":\"https:\\\/\\\/ferrerwines.com\\\/ca\\\/panot-gaudi-el-cava-ecologic-que-neix-a-les-vinyes-de-moja-a-lalt-penedes\\\/\"},\"wordCount\":770,\"commentCount\":0,\"publisher\":{\"@id\":\"https:\\\/\\\/ferrerwines.com\\\/ca\\\/#organization\"},\"image\":{\"@id\":\"https:\\\/\\\/ferrerwines.com\\\/ca\\\/panot-gaudi-el-cava-ecologic-que-neix-a-les-vinyes-de-moja-a-lalt-penedes\\\/#primaryimage\"},\"thumbnailUrl\":\"https:\\\/\\\/ferrerwines.com\\\/wp-content\\\/uploads\\\/2026\\\/08\\\/panot-gaudi.webp\",\"articleSection\":[\"Sin categorizar\"],\"inLanguage\":\"ca\",\"potentialAction\":[{\"@type\":\"CommentAction\",\"name\":\"Comment\",\"target\":[\"https:\\\/\\\/ferrerwines.com\\\/ca\\\/panot-gaudi-el-cava-ecologic-que-neix-a-les-vinyes-de-moja-a-lalt-penedes\\\/#respond\"]}]},{\"@type\":\"WebPage\",\"@id\":\"https:\\\/\\\/ferrerwines.com\\\/ca\\\/panot-gaudi-el-cava-ecologic-que-neix-a-les-vinyes-de-moja-a-lalt-penedes\\\/\",\"url\":\"https:\\\/\\\/ferrerwines.com\\\/ca\\\/panot-gaudi-el-cava-ecologic-que-neix-a-les-vinyes-de-moja-a-lalt-penedes\\\/\",\"name\":\"Panot Gaud\u00ed: el cava ecol\u00f2gic que neix a les vinyes de Moja, a l\u2019Alt Pened\u00e8s | Ferrer Wines\",\"isPartOf\":{\"@id\":\"https:\\\/\\\/ferrerwines.com\\\/ca\\\/#website\"},\"primaryImageOfPage\":{\"@id\":\"https:\\\/\\\/ferrerwines.com\\\/ca\\\/panot-gaudi-el-cava-ecologic-que-neix-a-les-vinyes-de-moja-a-lalt-penedes\\\/#primaryimage\"},\"image\":{\"@id\":\"https:\\\/\\\/ferrerwines.com\\\/ca\\\/panot-gaudi-el-cava-ecologic-que-neix-a-les-vinyes-de-moja-a-lalt-penedes\\\/#primaryimage\"},\"thumbnailUrl\":\"https:\\\/\\\/ferrerwines.com\\\/wp-content\\\/uploads\\\/2026\\\/08\\\/panot-gaudi.webp\",\"datePublished\":\"2026-08-31T06:00:14+00:00\",\"description\":\"Abans de ser una copa, Panot Gaud\u00ed \u00e9s una vinya. Concretament, diverses parcel\u00b7les a Moja, dins del terme d\u2019Ol\u00e8rdola, a l\u2019Alt Pened\u00e8s\",\"breadcrumb\":{\"@id\":\"https:\\\/\\\/ferrerwines.com\\\/ca\\\/panot-gaudi-el-cava-ecologic-que-neix-a-les-vinyes-de-moja-a-lalt-penedes\\\/#breadcrumb\"},\"inLanguage\":\"ca\",\"potentialAction\":[{\"@type\":\"ReadAction\",\"target\":[\"https:\\\/\\\/ferrerwines.com\\\/ca\\\/panot-gaudi-el-cava-ecologic-que-neix-a-les-vinyes-de-moja-a-lalt-penedes\\\/\"]}]},{\"@type\":\"ImageObject\",\"inLanguage\":\"ca\",\"@id\":\"https:\\\/\\\/ferrerwines.com\\\/ca\\\/panot-gaudi-el-cava-ecologic-que-neix-a-les-vinyes-de-moja-a-lalt-penedes\\\/#primaryimage\",\"url\":\"https:\\\/\\\/ferrerwines.com\\\/wp-content\\\/uploads\\\/2026\\\/08\\\/panot-gaudi.webp\",\"contentUrl\":\"https:\\\/\\\/ferrerwines.com\\\/wp-content\\\/uploads\\\/2026\\\/08\\\/panot-gaudi.webp\",\"width\":980,\"height\":653,\"caption\":\"panot gaudi\"},{\"@type\":\"BreadcrumbList\",\"@id\":\"https:\\\/\\\/ferrerwines.com\\\/ca\\\/panot-gaudi-el-cava-ecologic-que-neix-a-les-vinyes-de-moja-a-lalt-penedes\\\/#breadcrumb\",\"itemListElement\":[{\"@type\":\"ListItem\",\"position\":1,\"name\":\"Home\",\"item\":\"https:\\\/\\\/ferrerwines.com\\\/ca\\\/\"},{\"@type\":\"ListItem\",\"position\":2,\"name\":\"Panot Gaud\u00ed: el cava ecol\u00f2gic que neix a les vinyes de Moja, a l\u2019Alt Pened\u00e8s\"}]},{\"@type\":\"WebSite\",\"@id\":\"https:\\\/\\\/ferrerwines.com\\\/ca\\\/#website\",\"url\":\"https:\\\/\\\/ferrerwines.com\\\/ca\\\/\",\"name\":\"Ferrer Wines\",\"description\":\"Heritage wines since 1861\",\"publisher\":{\"@id\":\"https:\\\/\\\/ferrerwines.com\\\/ca\\\/#organization\"},\"potentialAction\":[{\"@type\":\"SearchAction\",\"target\":{\"@type\":\"EntryPoint\",\"urlTemplate\":\"https:\\\/\\\/ferrerwines.com\\\/ca\\\/?s={search_term_string}\"},\"query-input\":{\"@type\":\"PropertyValueSpecification\",\"valueRequired\":true,\"valueName\":\"search_term_string\"}}],\"inLanguage\":\"ca\"},{\"@type\":\"Organization\",\"@id\":\"https:\\\/\\\/ferrerwines.com\\\/ca\\\/#organization\",\"name\":\"Ferrer Wines\",\"url\":\"https:\\\/\\\/ferrerwines.com\\\/ca\\\/\",\"logo\":{\"@type\":\"ImageObject\",\"inLanguage\":\"ca\",\"@id\":\"https:\\\/\\\/ferrerwines.com\\\/ca\\\/#\\\/schema\\\/logo\\\/image\\\/\",\"url\":\"https:\\\/\\\/ferrerwines.com\\\/wp-content\\\/uploads\\\/2021\\\/06\\\/logo-ferrer.png\",\"contentUrl\":\"https:\\\/\\\/ferrerwines.com\\\/wp-content\\\/uploads\\\/2021\\\/06\\\/logo-ferrer.png\",\"width\":320,\"height\":108,\"caption\":\"Ferrer Wines\"},\"image\":{\"@id\":\"https:\\\/\\\/ferrerwines.com\\\/ca\\\/#\\\/schema\\\/logo\\\/image\\\/\"}},{\"@type\":\"Person\",\"@id\":\"https:\\\/\\\/ferrerwines.com\\\/ca\\\/#\\\/schema\\\/person\\\/091b06697af4ff3919d5a7a6b157d5d9\",\"name\":\"Gestinet\",\"image\":{\"@type\":\"ImageObject\",\"inLanguage\":\"ca\",\"@id\":\"https:\\\/\\\/secure.gravatar.com\\\/avatar\\\/07995e8a1a44d33d0cd9fe025faa1082d4bd1544ba0bd047e0fb54d8d6fd0571?s=96&d=mm&r=g\",\"url\":\"https:\\\/\\\/secure.gravatar.com\\\/avatar\\\/07995e8a1a44d33d0cd9fe025faa1082d4bd1544ba0bd047e0fb54d8d6fd0571?s=96&d=mm&r=g\",\"contentUrl\":\"https:\\\/\\\/secure.gravatar.com\\\/avatar\\\/07995e8a1a44d33d0cd9fe025faa1082d4bd1544ba0bd047e0fb54d8d6fd0571?s=96&d=mm&r=g\",\"caption\":\"Gestinet\"}}]}<\/script>\n<!-- \/ Yoast SEO plugin. -->","yoast_head_json":{"title":"Panot Gaud\u00ed: el cava ecol\u00f2gic que neix a les vinyes de Moja, a l\u2019Alt Pened\u00e8s | Ferrer Wines","description":"Abans de ser una copa, Panot Gaud\u00ed \u00e9s una vinya. Concretament, diverses parcel\u00b7les a Moja, dins del terme d\u2019Ol\u00e8rdola, a l\u2019Alt Pened\u00e8s","robots":{"index":"index","follow":"follow","max-snippet":"max-snippet:-1","max-image-preview":"max-image-preview:large","max-video-preview":"max-video-preview:-1"},"canonical":"https:\/\/ferrerwines.com\/ca\/panot-gaudi-el-cava-ecologic-que-neix-a-les-vinyes-de-moja-a-lalt-penedes\/","og_locale":"ca_ES","og_type":"article","og_title":"Panot Gaud\u00ed: el cava ecol\u00f2gic que neix a les vinyes de Moja, a l\u2019Alt Pened\u00e8s | Ferrer Wines","og_description":"Abans de ser una copa, Panot Gaud\u00ed \u00e9s una vinya. Concretament, diverses parcel\u00b7les a Moja, dins del terme d\u2019Ol\u00e8rdola, a l\u2019Alt Pened\u00e8s","og_url":"https:\/\/ferrerwines.com\/ca\/panot-gaudi-el-cava-ecologic-que-neix-a-les-vinyes-de-moja-a-lalt-penedes\/","og_site_name":"Ferrer Wines","article_published_time":"2026-08-31T06:00:14+00:00","og_image":[{"width":980,"height":653,"url":"https:\/\/ferrerwines.com\/wp-content\/uploads\/2026\/08\/panot-gaudi.webp","type":"image\/webp"}],"author":"Gestinet","twitter_card":"summary_large_image","twitter_misc":{"Escrit per":"Gestinet","Temps estimat de lectura":"4 minuts"},"schema":{"@context":"https:\/\/schema.org","@graph":[{"@type":"Article","@id":"https:\/\/ferrerwines.com\/ca\/panot-gaudi-el-cava-ecologic-que-neix-a-les-vinyes-de-moja-a-lalt-penedes\/#article","isPartOf":{"@id":"https:\/\/ferrerwines.com\/ca\/panot-gaudi-el-cava-ecologic-que-neix-a-les-vinyes-de-moja-a-lalt-penedes\/"},"author":{"name":"Gestinet","@id":"https:\/\/ferrerwines.com\/ca\/#\/schema\/person\/091b06697af4ff3919d5a7a6b157d5d9"},"headline":"Panot Gaud\u00ed: el cava ecol\u00f2gic que neix a les vinyes de Moja, a l\u2019Alt Pened\u00e8s","datePublished":"2026-08-31T06:00:14+00:00","mainEntityOfPage":{"@id":"https:\/\/ferrerwines.com\/ca\/panot-gaudi-el-cava-ecologic-que-neix-a-les-vinyes-de-moja-a-lalt-penedes\/"},"wordCount":770,"commentCount":0,"publisher":{"@id":"https:\/\/ferrerwines.com\/ca\/#organization"},"image":{"@id":"https:\/\/ferrerwines.com\/ca\/panot-gaudi-el-cava-ecologic-que-neix-a-les-vinyes-de-moja-a-lalt-penedes\/#primaryimage"},"thumbnailUrl":"https:\/\/ferrerwines.com\/wp-content\/uploads\/2026\/08\/panot-gaudi.webp","articleSection":["Sin categorizar"],"inLanguage":"ca","potentialAction":[{"@type":"CommentAction","name":"Comment","target":["https:\/\/ferrerwines.com\/ca\/panot-gaudi-el-cava-ecologic-que-neix-a-les-vinyes-de-moja-a-lalt-penedes\/#respond"]}]},{"@type":"WebPage","@id":"https:\/\/ferrerwines.com\/ca\/panot-gaudi-el-cava-ecologic-que-neix-a-les-vinyes-de-moja-a-lalt-penedes\/","url":"https:\/\/ferrerwines.com\/ca\/panot-gaudi-el-cava-ecologic-que-neix-a-les-vinyes-de-moja-a-lalt-penedes\/","name":"Panot Gaud\u00ed: el cava ecol\u00f2gic que neix a les vinyes de Moja, a l\u2019Alt Pened\u00e8s | Ferrer Wines","isPartOf":{"@id":"https:\/\/ferrerwines.com\/ca\/#website"},"primaryImageOfPage":{"@id":"https:\/\/ferrerwines.com\/ca\/panot-gaudi-el-cava-ecologic-que-neix-a-les-vinyes-de-moja-a-lalt-penedes\/#primaryimage"},"image":{"@id":"https:\/\/ferrerwines.com\/ca\/panot-gaudi-el-cava-ecologic-que-neix-a-les-vinyes-de-moja-a-lalt-penedes\/#primaryimage"},"thumbnailUrl":"https:\/\/ferrerwines.com\/wp-content\/uploads\/2026\/08\/panot-gaudi.webp","datePublished":"2026-08-31T06:00:14+00:00","description":"Abans de ser una copa, Panot Gaud\u00ed \u00e9s una vinya. Concretament, diverses parcel\u00b7les a Moja, dins del terme d\u2019Ol\u00e8rdola, a l\u2019Alt Pened\u00e8s","breadcrumb":{"@id":"https:\/\/ferrerwines.com\/ca\/panot-gaudi-el-cava-ecologic-que-neix-a-les-vinyes-de-moja-a-lalt-penedes\/#breadcrumb"},"inLanguage":"ca","potentialAction":[{"@type":"ReadAction","target":["https:\/\/ferrerwines.com\/ca\/panot-gaudi-el-cava-ecologic-que-neix-a-les-vinyes-de-moja-a-lalt-penedes\/"]}]},{"@type":"ImageObject","inLanguage":"ca","@id":"https:\/\/ferrerwines.com\/ca\/panot-gaudi-el-cava-ecologic-que-neix-a-les-vinyes-de-moja-a-lalt-penedes\/#primaryimage","url":"https:\/\/ferrerwines.com\/wp-content\/uploads\/2026\/08\/panot-gaudi.webp","contentUrl":"https:\/\/ferrerwines.com\/wp-content\/uploads\/2026\/08\/panot-gaudi.webp","width":980,"height":653,"caption":"panot gaudi"},{"@type":"BreadcrumbList","@id":"https:\/\/ferrerwines.com\/ca\/panot-gaudi-el-cava-ecologic-que-neix-a-les-vinyes-de-moja-a-lalt-penedes\/#breadcrumb","itemListElement":[{"@type":"ListItem","position":1,"name":"Home","item":"https:\/\/ferrerwines.com\/ca\/"},{"@type":"ListItem","position":2,"name":"Panot Gaud\u00ed: el cava ecol\u00f2gic que neix a les vinyes de Moja, a l\u2019Alt Pened\u00e8s"}]},{"@type":"WebSite","@id":"https:\/\/ferrerwines.com\/ca\/#website","url":"https:\/\/ferrerwines.com\/ca\/","name":"Ferrer Wines","description":"Heritage wines since 1861","publisher":{"@id":"https:\/\/ferrerwines.com\/ca\/#organization"},"potentialAction":[{"@type":"SearchAction","target":{"@type":"EntryPoint","urlTemplate":"https:\/\/ferrerwines.com\/ca\/?s={search_term_string}"},"query-input":{"@type":"PropertyValueSpecification","valueRequired":true,"valueName":"search_term_string"}}],"inLanguage":"ca"},{"@type":"Organization","@id":"https:\/\/ferrerwines.com\/ca\/#organization","name":"Ferrer Wines","url":"https:\/\/ferrerwines.com\/ca\/","logo":{"@type":"ImageObject","inLanguage":"ca","@id":"https:\/\/ferrerwines.com\/ca\/#\/schema\/logo\/image\/","url":"https:\/\/ferrerwines.com\/wp-content\/uploads\/2021\/06\/logo-ferrer.png","contentUrl":"https:\/\/ferrerwines.com\/wp-content\/uploads\/2021\/06\/logo-ferrer.png","width":320,"height":108,"caption":"Ferrer Wines"},"image":{"@id":"https:\/\/ferrerwines.com\/ca\/#\/schema\/logo\/image\/"}},{"@type":"Person","@id":"https:\/\/ferrerwines.com\/ca\/#\/schema\/person\/091b06697af4ff3919d5a7a6b157d5d9","name":"Gestinet","image":{"@type":"ImageObject","inLanguage":"ca","@id":"https:\/\/secure.gravatar.com\/avatar\/07995e8a1a44d33d0cd9fe025faa1082d4bd1544ba0bd047e0fb54d8d6fd0571?s=96&d=mm&r=g","url":"https:\/\/secure.gravatar.com\/avatar\/07995e8a1a44d33d0cd9fe025faa1082d4bd1544ba0bd047e0fb54d8d6fd0571?s=96&d=mm&r=g","contentUrl":"https:\/\/secure.gravatar.com\/avatar\/07995e8a1a44d33d0cd9fe025faa1082d4bd1544ba0bd047e0fb54d8d6fd0571?s=96&d=mm&r=g","caption":"Gestinet"}}]}},"_links":{"self":[{"href":"https:\/\/ferrerwines.com\/ca\/wp-json\/wp\/v2\/posts\/398460","targetHints":{"allow":["GET"]}}],"collection":[{"href":"https:\/\/ferrerwines.com\/ca\/wp-json\/wp\/v2\/posts"}],"about":[{"href":"https:\/\/ferrerwines.com\/ca\/wp-json\/wp\/v2\/types\/post"}],"author":[{"embeddable":true,"href":"https:\/\/ferrerwines.com\/ca\/wp-json\/wp\/v2\/users\/219"}],"replies":[{"embeddable":true,"href":"https:\/\/ferrerwines.com\/ca\/wp-json\/wp\/v2\/comments?post=398460"}],"version-history":[{"count":1,"href":"https:\/\/ferrerwines.com\/ca\/wp-json\/wp\/v2\/posts\/398460\/revisions"}],"predecessor-version":[{"id":398461,"href":"https:\/\/ferrerwines.com\/ca\/wp-json\/wp\/v2\/posts\/398460\/revisions\/398461"}],"wp:featuredmedia":[{"embeddable":true,"href":"https:\/\/ferrerwines.com\/ca\/wp-json\/wp\/v2\/media\/398457"}],"wp:attachment":[{"href":"https:\/\/ferrerwines.com\/ca\/wp-json\/wp\/v2\/media?parent=398460"}],"wp:term":[{"taxonomy":"category","embeddable":true,"href":"https:\/\/ferrerwines.com\/ca\/wp-json\/wp\/v2\/categories?post=398460"},{"taxonomy":"post_tag","embeddable":true,"href":"https:\/\/ferrerwines.com\/ca\/wp-json\/wp\/v2\/tags?post=398460"}],"curies":[{"name":"wp","href":"https:\/\/api.w.org\/{rel}","templated":true}]}}